{"id":1981,"global_id":"procapgrischun.ch\/RO?id=1981","global_id_lineage":["procapgrischun.ch\/RO?id=1981"],"author":"2","status":"publish","date":"2019-05-14 14:54:33","date_utc":"2019-05-14 12:54:33","modified":"2019-05-14 15:19:03","modified_utc":"2019-05-14 13:19:03","url":"https:\/\/procapgrischun.ch\/RO\/event\/kastanienfestival-vicosoprano-bergell-copy\/","rest_url":"https:\/\/procapgrischun.ch\/RO\/wp-json\/tribe\/events\/v1\/events\/1981","title":"(Deutsch) Sommerausflug Region S\u00fcdb\u00fcnden: Besuch der Bio-Kr\u00e4uter Raselli in Le Prese","description":"<p class=\"qtranxs-available-languages-message qtranxs-available-languages-message-RO\">Questa contribuziun \u00e8 disponibla per tudestg.<\/p>","excerpt":"","slug":"kastanienfestival-vicosoprano-bergell-copy","image":{"url":"https:\/\/procapgrischun.ch\/wp-content\/uploads\/2019\/05\/03_Kornblumenfeld.jpg","id":1982,"extension":"jpg","width":2000,"height":1333,"sizes":{"thumbnail":{"width":150,"height":150,"url":"https:\/\/procapgrischun.ch\/wp-content\/uploads\/2019\/05\/03_Kornblumenfeld-150x150.jpg"},"medium":{"width":300,"height":200,"url":"https:\/\/procapgrischun.ch\/wp-content\/uploads\/2019\/05\/03_Kornblumenfeld-300x200.jpg"},"medium_large":{"width":768,"height":512,"url":"https:\/\/procapgrischun.ch\/wp-content\/uploads\/2019\/05\/03_Kornblumenfeld-768x512.jpg"},"large":{"width":1024,"height":682,"url":"https:\/\/procapgrischun.ch\/wp-content\/uploads\/2019\/05\/03_Kornblumenfeld-1024x682.jpg"},"team-500px":{"width":500,"height":500,"mime-type":"image\/jpeg","url":"https:\/\/procapgrischun.ch\/wp-content\/uploads\/2019\/05\/03_Kornblumenfeld-500x500.jpg"},"bones-thumb-600":{"width":600,"height":150,"mime-type":"image\/jpeg","url":"https:\/\/procapgrischun.ch\/wp-content\/uploads\/2019\/05\/03_Kornblumenfeld-600x150.jpg"},"bones-thumb-300":{"width":300,"height":100,"mime-type":"image\/jpeg","url":"https:\/\/procapgrischun.ch\/wp-content\/uploads\/2019\/05\/03_Kornblumenfeld-300x100.jpg"},"header":{"width":1200,"height":450,"mime-type":"image\/jpeg","url":"https:\/\/procapgrischun.ch\/wp-content\/uploads\/2019\/05\/03_Kornblumenfeld-1200x450.jpg"},"4zu3":{"width":400,"height":300,"mime-type":"image\/jpeg","url":"https:\/\/procapgrischun.ch\/wp-content\/uploads\/2019\/05\/03_Kornblumenfeld-400x300.jpg"},"post-thumbnail":{"width":125,"height":125,"mime-type":"image\/jpeg","url":"https:\/\/procapgrischun.ch\/wp-content\/uploads\/2019\/05\/03_Kornblumenfeld-125x125.jpg"},"wcicon":{"width":48,"height":48,"mime-type":"image\/jpeg","url":"https:\/\/procapgrischun.ch\/wp-content\/uploads\/2019\/05\/03_Kornblumenfeld-48x48.jpg"},"wcsquare":{"width":300,"height":300,"mime-type":"image\/jpeg","url":"https:\/\/procapgrischun.ch\/wp-content\/uploads\/2019\/05\/03_Kornblumenfeld-300x300.jpg"},"wcsmall":{"width":250,"height":167,"mime-type":"image\/jpeg","url":"https:\/\/procapgrischun.ch\/wp-content\/uploads\/2019\/05\/03_Kornblumenfeld-250x167.jpg"},"wcstandard":{"width":550,"height":367,"mime-type":"image\/jpeg","url":"https:\/\/procapgrischun.ch\/wp-content\/uploads\/2019\/05\/03_Kornblumenfeld-550x367.jpg"},"wcbig":{"width":800,"height":533,"mime-type":"image\/jpeg","url":"https:\/\/procapgrischun.ch\/wp-content\/uploads\/2019\/05\/03_Kornblumenfeld-800x533.jpg"},"wcfixedheightsmall":{"width":270,"height":180,"mime-type":"image\/jpeg","url":"https:\/\/procapgrischun.ch\/wp-content\/uploads\/2019\/05\/03_Kornblumenfeld-270x180.jpg"},"wcfixedheightmedium":{"width":450,"height":300,"mime-type":"image\/jpeg","url":"https:\/\/procapgrischun.ch\/wp-content\/uploads\/2019\/05\/03_Kornblumenfeld-450x300.jpg"},"wcfixedheight":{"width":750,"height":500,"mime-type":"image\/jpeg","url":"https:\/\/procapgrischun.ch\/wp-content\/uploads\/2019\/05\/03_Kornblumenfeld-750x500.jpg"},"wccarouselsmall":{"width":210,"height":150,"mime-type":"image\/jpeg","url":"https:\/\/procapgrischun.ch\/wp-content\/uploads\/2019\/05\/03_Kornblumenfeld-210x150.jpg"},"wccarousel":{"width":400,"height":285,"mime-type":"image\/jpeg","url":"https:\/\/procapgrischun.ch\/wp-content\/uploads\/2019\/05\/03_Kornblumenfeld-400x285.jpg"},"wcslider":{"width":1100,"height":500,"mime-type":"image\/jpeg","url":"https:\/\/procapgrischun.ch\/wp-content\/uploads\/2019\/05\/03_Kornblumenfeld-1100x500.jpg"}},"image-converter":{"thumbnail":"IME","medium":"IME","medium_large":"IME","large":"IME"}},"all_day":false,"start_date":"2019-08-24 08:30:00","start_date_details":{"year":"2019","month":"08","day":"24","hour":"08","minutes":"30","seconds":"00"},"end_date":"2019-08-24 17:08:00","end_date_details":{"year":"2019","month":"08","day":"24","hour":"17","minutes":"08","seconds":"00"},"utc_start_date":"2019-08-24 06:30:00","utc_start_date_details":{"year":"2019","month":"08","day":"24","hour":"06","minutes":"30","seconds":"00"},"utc_end_date":"2019-08-24 15:08:00","utc_end_date_details":{"year":"2019","month":"08","day":"24","hour":"15","minutes":"08","seconds":"00"},"timezone":"Europe\/Berlin","timezone_abbr":"CEST","cost":"","cost_details":{"currency_symbol":"","currency_code":"","currency_position":"prefix","values":[]},"website":"","show_map":true,"show_map_link":true,"hide_from_listings":false,"sticky":false,"featured":false,"categories":[],"tags":[],"venue":{"id":1435,"author":"2","status":"publish","date":"2018-08-13 16:31:05","date_utc":"2018-08-13 14:31:05","modified":"2019-05-14 15:54:23","modified_utc":"2019-05-14 13:54:23","url":"https:\/\/procapgrischun.ch\/RO\/loc-de-desfasurare\/mensa-vicosoprano\/","venue":"(Deutsch) Erboristeria Biologica Raselli, Le Prese","slug":"mensa-vicosoprano","address":"Via Principale 702","city":"Le Prese","zip":"7746","json_ld":{"@type":"Place","name":"(Deutsch) Erboristeria Biologica Raselli, Le Prese","description":"","url":"","address":{"@type":"PostalAddress","streetAddress":"Via Principale 702","addressLocality":"Le Prese","postalCode":"7746"},"telephone":"","sameAs":""},"show_map":true,"show_map_link":true,"global_id":"procapgrischun.ch\/RO?id=1435","global_id_lineage":["procapgrischun.ch\/RO?id=1435"]},"organizer":[{"id":862,"author":"2","status":"publish","date":"2017-10-13 14:24:46","date_utc":"2017-10-13 12:24:46","modified":"2017-10-13 14:24:46","modified_utc":"2017-10-13 12:24:46","url":"https:\/\/procapgrischun.ch\/RO\/organizator\/regionalstelle-suedbuenden-2\/","organizer":"Regionalstelle S\u00fcdb\u00fcnden &#8211;","slug":"regionalstelle-suedbuenden-2","phone":"081 253 07 88","email":"samedan@procapgrischun.ch","json_ld":{"@type":"Person","name":"Regionalstelle S\u00fcdb\u00fcnden &#8211;","description":"","url":"","telephone":"081 253 07 88","email":"s&#97;medan&#64;p&#114;&#111;c&#97;&#112;g&#114;&#105;&#115;&#99;&#104;u&#110;.&#99;&#104;","sameAs":""},"global_id":"procapgrischun.ch\/RO?id=862","global_id_lineage":["procapgrischun.ch\/RO?id=862"]}],"custom_fields":[],"json_ld":{"@context":"http:\/\/schema.org","@type":"Event","name":"(Deutsch) Sommerausflug Region S\u00fcdb\u00fcnden: Besuch der Bio-Kr\u00e4uter Raselli in Le Prese","description":"&lt;p&gt;Wir treffen uns am Samstag, 24. August 2019 um 8.30 Uhr beim Bahnhof RhB Samedan. Wir fahren mit der Rh\u00e4tischen Bahn bis nach Le Prese, Ankunft um 10.29 Uhr. Von...  &lt;a class=&quot;excerpt-read-more&quot; href=&quot;https:\/\/procapgrischun.ch\/RO\/event\/kastanienfestival-vicosoprano-bergell-copy\/&quot; title=&quot;Read (Deutsch) Sommerausflug Region S\u00fcdb\u00fcnden: Besuch der Bio-Kr\u00e4uter Raselli in Le Prese&quot;&gt;Cite\u0219te mai mult &raquo;&lt;\/a&gt;&lt;\/p&gt;\\n","image":"https:\/\/procapgrischun.ch\/wp-content\/uploads\/2019\/05\/03_Kornblumenfeld.jpg","url":"https:\/\/procapgrischun.ch\/RO\/event\/kastanienfestival-vicosoprano-bergell-copy\/","eventAttendanceMode":"https:\/\/schema.org\/OfflineEventAttendanceMode","eventStatus":"https:\/\/schema.org\/EventScheduled","startDate":"2019-08-24T08:30:00+02:00","endDate":"2019-08-24T17:08:00+02:00","location":{"@type":"Place","name":"(Deutsch) Erboristeria Biologica Raselli, Le Prese","description":"","url":"","address":{"@type":"PostalAddress","streetAddress":"Via Principale 702","addressLocality":"Le Prese","postalCode":"7746"},"telephone":"","sameAs":""},"organizer":{"@type":"Person","name":"Regionalstelle S\u00fcdb\u00fcnden &#8211;","description":"","url":"","telephone":"081 253 07 88","email":"&#115;&#97;&#109;ed&#97;n&#64;&#112;&#114;oc&#97;pg&#114;&#105;&#115;&#99;h&#117;n.&#99;h","sameAs":""},"performer":"Organization"}}