{"id":5747,"global_id":"procapgrischun.ch\/RO?id=5747","global_id_lineage":["procapgrischun.ch\/RO?id=5747"],"author":"5","status":"publish","date":"2026-04-23 19:43:28","date_utc":"2026-04-23 17:43:28","modified":"2026-04-23 19:43:28","modified_utc":"2026-04-23 17:43:28","url":"https:\/\/procapgrischun.ch\/RO\/event\/kletterkurs-5\/","rest_url":"https:\/\/procapgrischun.ch\/RO\/wp-json\/tribe\/events\/v1\/events\/5747","title":"(Deutsch) Kletterkurs","description":"<p class=\"qtranxs-available-languages-message qtranxs-available-languages-message-RO\">Questa contribuziun \u00e8 disponibla per tudestg.<\/p>","excerpt":"","slug":"kletterkurs-5","image":{"url":"https:\/\/procapgrischun.ch\/wp-content\/uploads\/2025\/10\/Klettern11.jpg","id":5416,"extension":"jpg","width":1440,"height":1920,"filesize":540195,"sizes":{"medium":{"width":225,"height":300,"mime-type":"image\/jpeg","filesize":21410,"url":"https:\/\/procapgrischun.ch\/wp-content\/uploads\/2025\/10\/Klettern11-225x300.jpg"},"large":{"width":768,"height":1024,"mime-type":"image\/jpeg","filesize":168612,"url":"https:\/\/procapgrischun.ch\/wp-content\/uploads\/2025\/10\/Klettern11-768x1024.jpg"},"thumbnail":{"width":150,"height":150,"mime-type":"image\/jpeg","filesize":8353,"url":"https:\/\/procapgrischun.ch\/wp-content\/uploads\/2025\/10\/Klettern11-150x150.jpg"},"medium_large":{"width":768,"height":1024,"mime-type":"image\/jpeg","filesize":168612,"url":"https:\/\/procapgrischun.ch\/wp-content\/uploads\/2025\/10\/Klettern11-768x1024.jpg"},"team-500px":{"width":500,"height":500,"mime-type":"image\/jpeg","filesize":61688,"url":"https:\/\/procapgrischun.ch\/wp-content\/uploads\/2025\/10\/Klettern11-500x500.jpg"},"1536x1536":{"width":1152,"height":1536,"mime-type":"image\/jpeg","filesize":338646,"url":"https:\/\/procapgrischun.ch\/wp-content\/uploads\/2025\/10\/Klettern11-1152x1536.jpg"},"bones-thumb-600":{"width":600,"height":150,"mime-type":"image\/jpeg","filesize":21457,"url":"https:\/\/procapgrischun.ch\/wp-content\/uploads\/2025\/10\/Klettern11-600x150.jpg"},"bones-thumb-300":{"width":300,"height":100,"mime-type":"image\/jpeg","filesize":9391,"url":"https:\/\/procapgrischun.ch\/wp-content\/uploads\/2025\/10\/Klettern11-300x100.jpg"},"header":{"width":1200,"height":450,"mime-type":"image\/jpeg","filesize":101882,"url":"https:\/\/procapgrischun.ch\/wp-content\/uploads\/2025\/10\/Klettern11-1200x450.jpg"},"4zu3":{"width":400,"height":300,"mime-type":"image\/jpeg","filesize":31904,"url":"https:\/\/procapgrischun.ch\/wp-content\/uploads\/2025\/10\/Klettern11-400x300.jpg"},"post-thumbnail":{"width":125,"height":125,"mime-type":"image\/jpeg","filesize":6150,"url":"https:\/\/procapgrischun.ch\/wp-content\/uploads\/2025\/10\/Klettern11-125x125.jpg"},"wcicon":{"width":48,"height":48,"mime-type":"image\/jpeg","filesize":1345,"url":"https:\/\/procapgrischun.ch\/wp-content\/uploads\/2025\/10\/Klettern11-48x48.jpg"},"wcsquare":{"width":300,"height":300,"mime-type":"image\/jpeg","filesize":26310,"url":"https:\/\/procapgrischun.ch\/wp-content\/uploads\/2025\/10\/Klettern11-300x300.jpg"},"wcsmall":{"width":250,"height":333,"mime-type":"image\/jpeg","filesize":25293,"url":"https:\/\/procapgrischun.ch\/wp-content\/uploads\/2025\/10\/Klettern11-250x333.jpg"},"wcstandard":{"width":550,"height":733,"mime-type":"image\/jpeg","filesize":95317,"url":"https:\/\/procapgrischun.ch\/wp-content\/uploads\/2025\/10\/Klettern11-550x733.jpg"},"wcbig":{"width":800,"height":1067,"mime-type":"image\/jpeg","filesize":181873,"url":"https:\/\/procapgrischun.ch\/wp-content\/uploads\/2025\/10\/Klettern11-800x1067.jpg"},"wcfixedheightsmall":{"width":135,"height":180,"mime-type":"image\/jpeg","filesize":8991,"url":"https:\/\/procapgrischun.ch\/wp-content\/uploads\/2025\/10\/Klettern11-135x180.jpg"},"wcfixedheightmedium":{"width":225,"height":300,"mime-type":"image\/jpeg","filesize":21410,"url":"https:\/\/procapgrischun.ch\/wp-content\/uploads\/2025\/10\/Klettern11-225x300.jpg"},"wcfixedheight":{"width":375,"height":500,"mime-type":"image\/jpeg","filesize":50172,"url":"https:\/\/procapgrischun.ch\/wp-content\/uploads\/2025\/10\/Klettern11-375x500.jpg"},"wccarouselsmall":{"width":210,"height":150,"mime-type":"image\/jpeg","filesize":10760,"url":"https:\/\/procapgrischun.ch\/wp-content\/uploads\/2025\/10\/Klettern11-210x150.jpg"},"wccarousel":{"width":400,"height":285,"mime-type":"image\/jpeg","filesize":30536,"url":"https:\/\/procapgrischun.ch\/wp-content\/uploads\/2025\/10\/Klettern11-400x285.jpg"},"wcslider":{"width":1100,"height":500,"mime-type":"image\/jpeg","filesize":107586,"url":"https:\/\/procapgrischun.ch\/wp-content\/uploads\/2025\/10\/Klettern11-1100x500.jpg"}}},"all_day":false,"start_date":"2026-11-18 18:30:00","start_date_details":{"year":"2026","month":"11","day":"18","hour":"18","minutes":"30","seconds":"00"},"end_date":"2026-11-18 20:00:00","end_date_details":{"year":"2026","month":"11","day":"18","hour":"20","minutes":"00","seconds":"00"},"utc_start_date":"2026-11-18 17:30:00","utc_start_date_details":{"year":"2026","month":"11","day":"18","hour":"17","minutes":"30","seconds":"00"},"utc_end_date":"2026-11-18 19:00:00","utc_end_date_details":{"year":"2026","month":"11","day":"18","hour":"19","minutes":"00","seconds":"00"},"timezone":"Europe\/Berlin","timezone_abbr":"CET","cost":"","cost_details":{"currency_symbol":"$","currency_code":"USD","currency_position":"prefix","values":[]},"website":"","show_map":true,"show_map_link":true,"hide_from_listings":false,"sticky":false,"featured":false,"categories":[{"name":"Curs","slug":"kurse","term_group":0,"term_taxonomy_id":26,"taxonomy":"tribe_events_cat","description":"","parent":0,"count":149,"filter":"raw","i18n_config":{"name":{"ts":{"de":"Kurse","it":"Corsi","RO":"Curs"}}},"id":26,"urls":{"self":"https:\/\/procapgrischun.ch\/RO\/wp-json\/tribe\/events\/v1\/categories\/26","collection":"https:\/\/procapgrischun.ch\/RO\/wp-json\/tribe\/events\/v1\/categories"}},{"name":"Spezialsprechstunde","slug":"spezialsprechstunde","term_group":0,"term_taxonomy_id":102,"taxonomy":"tribe_events_cat","description":"","parent":0,"count":2,"filter":"raw","i18n_config":{"name":{"ts":{"de":"Spezialsprechstunde"}}},"id":102,"urls":{"self":"https:\/\/procapgrischun.ch\/RO\/wp-json\/tribe\/events\/v1\/categories\/102","collection":"https:\/\/procapgrischun.ch\/RO\/wp-json\/tribe\/events\/v1\/categories"}}],"tags":[],"venue":{"id":2361,"author":"2","status":"publish","date":"2020-02-26 15:09:47","date_utc":"2020-02-26 14:09:47","modified":"2020-02-26 15:09:47","modified_utc":"2020-02-26 14:09:47","url":"https:\/\/procapgrischun.ch\/RO\/loc-de-desfasurare\/apn-daun\/","venue":"Ap\u2019n Daun","slug":"apn-daun","address":"Pulverm\u00fchlestrasse 8","city":"Chur","country":"Schweiz","zip":"7000","json_ld":{"@type":"Place","name":"Ap\u2019n Daun","description":"","url":"","address":{"@type":"PostalAddress","streetAddress":"Pulverm\u00fchlestrasse 8","addressLocality":"Chur","postalCode":"7000","addressCountry":"Schweiz"},"telephone":"","sameAs":""},"show_map":true,"show_map_link":true,"global_id":"procapgrischun.ch\/RO?id=2361","global_id_lineage":["procapgrischun.ch\/RO?id=2361"]},"organizer":[],"custom_fields":[],"json_ld":{"@context":"http:\/\/schema.org","@type":"Event","name":"(Deutsch) Kletterkurs","description":"&lt;p&gt;Alle Eigenschaften, die einen guten Kletterer ausmachen wie Mut, Selbstvertrauen und Willensst\u00e4rke, sind einem behinderten Menschen nicht fremd. Klettern und Behinderung sind erwiesenermassen kein Widerspruch. K\u00f6rpergef\u00fchl, Koordination, Gleichgewicht und Kraft,...  &lt;a class=&quot;excerpt-read-more&quot; href=&quot;https:\/\/procapgrischun.ch\/RO\/event\/kletterkurs-5\/&quot; title=&quot;Read (Deutsch) Kletterkurs&quot;&gt;Cite\u0219te mai mult &raquo;&lt;\/a&gt;&lt;\/p&gt;\\n","image":"https:\/\/procapgrischun.ch\/wp-content\/uploads\/2025\/10\/Klettern11.jpg","url":"https:\/\/procapgrischun.ch\/RO\/event\/kletterkurs-5\/","eventAttendanceMode":"https:\/\/schema.org\/OfflineEventAttendanceMode","eventStatus":"https:\/\/schema.org\/EventScheduled","startDate":"2026-11-18T18:30:00+01:00","endDate":"2026-11-18T20:00:00+01:00","location":{"@type":"Place","name":"Ap\u2019n Daun","description":"","url":"","address":{"@type":"PostalAddress","streetAddress":"Pulverm\u00fchlestrasse 8","addressLocality":"Chur","postalCode":"7000","addressCountry":"Schweiz"},"telephone":"","sameAs":""},"performer":"Organization"}}