{"id":817,"global_id":"procapgrischun.ch\/RO?id=817","global_id_lineage":["procapgrischun.ch\/RO?id=817"],"author":"2","status":"publish","date":"2017-10-13 11:29:24","date_utc":"2017-10-13 09:29:24","modified":"2017-10-13 11:29:24","modified_utc":"2017-10-13 09:29:24","url":"https:\/\/procapgrischun.ch\/RO\/event\/filzen-fuer-den-advent\/","rest_url":"https:\/\/procapgrischun.ch\/RO\/wp-json\/tribe\/events\/v1\/events\/817","title":"(Deutsch) Filzen f\u00fcr den Advent","description":"<p class=\"qtranxs-available-languages-message qtranxs-available-languages-message-RO\">Questa contribuziun \u00e8 disponibla per tudestg.<\/p>","excerpt":"","slug":"filzen-fuer-den-advent","image":{"url":"https:\/\/procapgrischun.ch\/wp-content\/uploads\/2017\/10\/filzen_surselva.jpg","id":818,"extension":"jpg","width":1000,"height":900,"sizes":{"thumbnail":{"width":150,"height":150,"url":"https:\/\/procapgrischun.ch\/wp-content\/uploads\/2017\/10\/filzen_surselva-150x150.jpg"},"medium":{"width":300,"height":270,"url":"https:\/\/procapgrischun.ch\/wp-content\/uploads\/2017\/10\/filzen_surselva-300x270.jpg"},"medium_large":{"width":768,"height":691,"url":"https:\/\/procapgrischun.ch\/wp-content\/uploads\/2017\/10\/filzen_surselva-768x691.jpg"},"bones-thumb-600":{"width":600,"height":150,"mime-type":"image\/jpeg","url":"https:\/\/procapgrischun.ch\/wp-content\/uploads\/2017\/10\/filzen_surselva-600x150.jpg"},"bones-thumb-300":{"width":300,"height":100,"mime-type":"image\/jpeg","url":"https:\/\/procapgrischun.ch\/wp-content\/uploads\/2017\/10\/filzen_surselva-300x100.jpg"},"header":{"width":1000,"height":450,"mime-type":"image\/jpeg","url":"https:\/\/procapgrischun.ch\/wp-content\/uploads\/2017\/10\/filzen_surselva-1000x450.jpg"},"4zu3":{"width":400,"height":300,"mime-type":"image\/jpeg","url":"https:\/\/procapgrischun.ch\/wp-content\/uploads\/2017\/10\/filzen_surselva-400x300.jpg"},"post-thumbnail":{"width":125,"height":125,"mime-type":"image\/jpeg","url":"https:\/\/procapgrischun.ch\/wp-content\/uploads\/2017\/10\/filzen_surselva-125x125.jpg"},"wcicon":{"width":48,"height":48,"mime-type":"image\/jpeg","url":"https:\/\/procapgrischun.ch\/wp-content\/uploads\/2017\/10\/filzen_surselva-48x48.jpg"},"wcsquare":{"width":300,"height":300,"mime-type":"image\/jpeg","url":"https:\/\/procapgrischun.ch\/wp-content\/uploads\/2017\/10\/filzen_surselva-300x300.jpg"},"wcsmall":{"width":250,"height":225,"mime-type":"image\/jpeg","url":"https:\/\/procapgrischun.ch\/wp-content\/uploads\/2017\/10\/filzen_surselva-250x225.jpg"},"wcstandard":{"width":550,"height":495,"mime-type":"image\/jpeg","url":"https:\/\/procapgrischun.ch\/wp-content\/uploads\/2017\/10\/filzen_surselva-550x495.jpg"},"wcbig":{"width":800,"height":720,"mime-type":"image\/jpeg","url":"https:\/\/procapgrischun.ch\/wp-content\/uploads\/2017\/10\/filzen_surselva-800x720.jpg"},"wcfixedheightsmall":{"width":200,"height":180,"mime-type":"image\/jpeg","url":"https:\/\/procapgrischun.ch\/wp-content\/uploads\/2017\/10\/filzen_surselva-200x180.jpg"},"wcfixedheightmedium":{"width":333,"height":300,"mime-type":"image\/jpeg","url":"https:\/\/procapgrischun.ch\/wp-content\/uploads\/2017\/10\/filzen_surselva-333x300.jpg"},"wcfixedheight":{"width":556,"height":500,"mime-type":"image\/jpeg","url":"https:\/\/procapgrischun.ch\/wp-content\/uploads\/2017\/10\/filzen_surselva-556x500.jpg"},"wccarouselsmall":{"width":210,"height":150,"mime-type":"image\/jpeg","url":"https:\/\/procapgrischun.ch\/wp-content\/uploads\/2017\/10\/filzen_surselva-210x150.jpg"},"wccarousel":{"width":400,"height":285,"mime-type":"image\/jpeg","url":"https:\/\/procapgrischun.ch\/wp-content\/uploads\/2017\/10\/filzen_surselva-400x285.jpg"},"wcslider":{"width":1000,"height":500,"mime-type":"image\/jpeg","url":"https:\/\/procapgrischun.ch\/wp-content\/uploads\/2017\/10\/filzen_surselva-1000x500.jpg"}},"image-converter":{"thumbnail":"IME","medium":"IME","medium_large":"IME"}},"all_day":false,"start_date":"2017-11-11 10:00:00","start_date_details":{"year":"2017","month":"11","day":"11","hour":"10","minutes":"00","seconds":"00"},"end_date":"2017-11-11 15:30:00","end_date_details":{"year":"2017","month":"11","day":"11","hour":"15","minutes":"30","seconds":"00"},"utc_start_date":"2017-11-11 09:00:00","utc_start_date_details":{"year":"2017","month":"11","day":"11","hour":"09","minutes":"00","seconds":"00"},"utc_end_date":"2017-11-11 14:30:00","utc_end_date_details":{"year":"2017","month":"11","day":"11","hour":"14","minutes":"30","seconds":"00"},"timezone":"Europe\/Berlin","timezone_abbr":"CET","cost":"","cost_details":{"currency_symbol":"","currency_code":"","currency_position":"prefix","values":[]},"website":"","show_map":true,"show_map_link":true,"hide_from_listings":false,"sticky":false,"featured":false,"categories":[{"name":"Curs","slug":"kurse","term_group":0,"term_taxonomy_id":26,"taxonomy":"tribe_events_cat","description":"","parent":0,"count":149,"filter":"raw","i18n_config":{"name":{"ts":{"de":"Kurse","it":"Corsi","RO":"Curs"}}},"id":26,"urls":{"self":"https:\/\/procapgrischun.ch\/RO\/wp-json\/tribe\/events\/v1\/categories\/26","collection":"https:\/\/procapgrischun.ch\/RO\/wp-json\/tribe\/events\/v1\/categories"}},{"name":"Perfecziunament","slug":"weiterbildung","term_group":0,"term_taxonomy_id":32,"taxonomy":"tribe_events_cat","description":"","parent":0,"count":22,"filter":"raw","i18n_config":{"name":{"ts":{"de":"Weiterbildung","it":"Formazione continua","RO":"Perfecziunament"}}},"id":32,"urls":{"self":"https:\/\/procapgrischun.ch\/RO\/wp-json\/tribe\/events\/v1\/categories\/32","collection":"https:\/\/procapgrischun.ch\/RO\/wp-json\/tribe\/events\/v1\/categories"}}],"tags":[],"venue":[],"organizer":[],"custom_fields":[],"json_ld":{"@context":"http:\/\/schema.org","@type":"Event","name":"(Deutsch) Filzen f\u00fcr den Advent","description":"&lt;p&gt;Die Regionalstelle Surselva l\u00e4dt Sie am Samstag, 11. November zum gemeinsamen Filzen f\u00fcr den Advent im ARGO Wohnheim in Ilanz ein. Unter fachkundiger Anleitung von Evelyne Carcaterra filzen wir gemeinsam...  &lt;a class=&quot;excerpt-read-more&quot; href=&quot;https:\/\/procapgrischun.ch\/RO\/event\/filzen-fuer-den-advent\/&quot; title=&quot;Read (Deutsch) Filzen f\u00fcr den Advent&quot;&gt;Cite\u0219te mai mult &raquo;&lt;\/a&gt;&lt;\/p&gt;\\n","image":"https:\/\/procapgrischun.ch\/wp-content\/uploads\/2017\/10\/filzen_surselva.jpg","url":"https:\/\/procapgrischun.ch\/RO\/event\/filzen-fuer-den-advent\/","eventAttendanceMode":"https:\/\/schema.org\/OfflineEventAttendanceMode","eventStatus":"https:\/\/schema.org\/EventScheduled","startDate":"2017-11-11T10:00:00+01:00","endDate":"2017-11-11T15:30:00+01:00","performer":"Organization"}}