{"id":1718,"global_id":"procapgrischun.ch\/it?id=1718","global_id_lineage":["procapgrischun.ch\/it?id=1718"],"author":"2","status":"publish","date":"2019-02-08 11:33:52","date_utc":"2019-02-08 10:33:52","modified":"2019-02-08 11:33:52","modified_utc":"2019-02-08 10:33:52","url":"https:\/\/procapgrischun.ch\/it\/event\/insieme-cerebral-graubuenden-schneetag\/","rest_url":"https:\/\/procapgrischun.ch\/it\/wp-json\/tribe\/events\/v1\/events\/1718","title":"(Deutsch) insieme Cerebral Graub\u00fcnden &#8211; Schneetag","description":"<p class=\"qtranxs-available-languages-message qtranxs-available-languages-message-it\">Questo contributo \u00e8 disponibile in tedesco.<\/p>","excerpt":"","slug":"insieme-cerebral-graubuenden-schneetag","image":{"url":"https:\/\/procapgrischun.ch\/wp-content\/uploads\/2019\/02\/Kids-Skiing.jpg","id":1719,"extension":"jpg","width":720,"height":480,"sizes":{"thumbnail":{"width":150,"height":150,"url":"https:\/\/procapgrischun.ch\/wp-content\/uploads\/2019\/02\/Kids-Skiing-150x150.jpg"},"medium":{"width":300,"height":200,"url":"https:\/\/procapgrischun.ch\/wp-content\/uploads\/2019\/02\/Kids-Skiing-300x200.jpg"},"team-500px":{"width":500,"height":480,"mime-type":"image\/jpeg","url":"https:\/\/procapgrischun.ch\/wp-content\/uploads\/2019\/02\/Kids-Skiing-500x480.jpg"},"bones-thumb-600":{"width":600,"height":150,"mime-type":"image\/jpeg","url":"https:\/\/procapgrischun.ch\/wp-content\/uploads\/2019\/02\/Kids-Skiing-600x150.jpg"},"bones-thumb-300":{"width":300,"height":100,"mime-type":"image\/jpeg","url":"https:\/\/procapgrischun.ch\/wp-content\/uploads\/2019\/02\/Kids-Skiing-300x100.jpg"},"header":{"width":720,"height":450,"mime-type":"image\/jpeg","url":"https:\/\/procapgrischun.ch\/wp-content\/uploads\/2019\/02\/Kids-Skiing-720x450.jpg"},"4zu3":{"width":400,"height":300,"mime-type":"image\/jpeg","url":"https:\/\/procapgrischun.ch\/wp-content\/uploads\/2019\/02\/Kids-Skiing-400x300.jpg"},"post-thumbnail":{"width":125,"height":125,"mime-type":"image\/jpeg","url":"https:\/\/procapgrischun.ch\/wp-content\/uploads\/2019\/02\/Kids-Skiing-125x125.jpg"},"wcicon":{"width":48,"height":48,"mime-type":"image\/jpeg","url":"https:\/\/procapgrischun.ch\/wp-content\/uploads\/2019\/02\/Kids-Skiing-48x48.jpg"},"wcsquare":{"width":300,"height":300,"mime-type":"image\/jpeg","url":"https:\/\/procapgrischun.ch\/wp-content\/uploads\/2019\/02\/Kids-Skiing-300x300.jpg"},"wcsmall":{"width":250,"height":167,"mime-type":"image\/jpeg","url":"https:\/\/procapgrischun.ch\/wp-content\/uploads\/2019\/02\/Kids-Skiing-250x167.jpg"},"wcstandard":{"width":550,"height":367,"mime-type":"image\/jpeg","url":"https:\/\/procapgrischun.ch\/wp-content\/uploads\/2019\/02\/Kids-Skiing-550x367.jpg"},"wcfixedheightsmall":{"width":270,"height":180,"mime-type":"image\/jpeg","url":"https:\/\/procapgrischun.ch\/wp-content\/uploads\/2019\/02\/Kids-Skiing-270x180.jpg"},"wcfixedheightmedium":{"width":450,"height":300,"mime-type":"image\/jpeg","url":"https:\/\/procapgrischun.ch\/wp-content\/uploads\/2019\/02\/Kids-Skiing-450x300.jpg"},"wccarouselsmall":{"width":210,"height":150,"mime-type":"image\/jpeg","url":"https:\/\/procapgrischun.ch\/wp-content\/uploads\/2019\/02\/Kids-Skiing-210x150.jpg"},"wccarousel":{"width":400,"height":285,"mime-type":"image\/jpeg","url":"https:\/\/procapgrischun.ch\/wp-content\/uploads\/2019\/02\/Kids-Skiing-400x285.jpg"}},"image-converter":{"thumbnail":"IME","medium":"IME"}},"all_day":false,"start_date":"2019-03-23 10:00:00","start_date_details":{"year":"2019","month":"03","day":"23","hour":"10","minutes":"00","seconds":"00"},"end_date":"2019-03-23 15:30:00","end_date_details":{"year":"2019","month":"03","day":"23","hour":"15","minutes":"30","seconds":"00"},"utc_start_date":"2019-03-23 09:00:00","utc_start_date_details":{"year":"2019","month":"03","day":"23","hour":"09","minutes":"00","seconds":"00"},"utc_end_date":"2019-03-23 14:30:00","utc_end_date_details":{"year":"2019","month":"03","day":"23","hour":"14","minutes":"30","seconds":"00"},"timezone":"Europe\/Berlin","timezone_abbr":"CET","cost":"","cost_details":{"currency_symbol":"","currency_code":"","currency_position":"prefix","values":[]},"website":"","show_map":true,"show_map_link":true,"hide_from_listings":false,"sticky":false,"featured":false,"categories":[],"tags":[],"venue":[],"organizer":[{"id":1721,"author":"2","status":"publish","date":"2019-02-08 11:33:52","date_utc":"2019-02-08 10:33:52","modified":"2019-02-08 11:33:52","modified_utc":"2019-02-08 10:33:52","url":"https:\/\/procapgrischun.ch\/it\/organizzatore\/insieme-cerebral\/","organizer":"Insieme Cerebral","slug":"insieme-cerebral","phone":"081 250 40 38","email":"info@insieme-cerebral-gr.ch","json_ld":{"@type":"Person","name":"Insieme Cerebral","description":"","url":"","telephone":"081 250 40 38","email":"&#105;&#110;f&#111;&#64;&#105;ns&#105;&#101;me&#45;&#99;e&#114;eb&#114;&#97;&#108;-&#103;&#114;&#46;&#99;h","sameAs":""},"global_id":"procapgrischun.ch\/it?id=1721","global_id_lineage":["procapgrischun.ch\/it?id=1721"]}],"custom_fields":[],"json_ld":{"@context":"http:\/\/schema.org","@type":"Event","name":"(Deutsch) insieme Cerebral Graub\u00fcnden &#8211; Schneetag","description":"&lt;p&gt;Wie bereits in den vergangenen Jahren m\u00f6chte die Skischule Gr\u00fcsch-Danusa Kindern und Jugendlichen mit Handicap einen unvergesslichen Tag im Schnee erm\u00f6glichen. Unter dem Motto \u201eAlles ist m\u00f6glich\u201c m\u00f6chten wir Ihr...  &lt;a class=&quot;excerpt-read-more&quot; href=&quot;https:\/\/procapgrischun.ch\/it\/event\/insieme-cerebral-graubuenden-schneetag\/&quot; title=&quot;Read (Deutsch) insieme Cerebral Graub\u00fcnden &#8211; Schneetag&quot;&gt;Leggi tutto &raquo;&lt;\/a&gt;&lt;\/p&gt;\\n","image":"https:\/\/procapgrischun.ch\/wp-content\/uploads\/2019\/02\/Kids-Skiing.jpg","url":"https:\/\/procapgrischun.ch\/it\/event\/insieme-cerebral-graubuenden-schneetag\/","eventAttendanceMode":"https:\/\/schema.org\/OfflineEventAttendanceMode","eventStatus":"https:\/\/schema.org\/EventScheduled","startDate":"2019-03-23T10:00:00+01:00","endDate":"2019-03-23T15:30:00+01:00","organizer":{"@type":"Person","name":"Insieme Cerebral","description":"","url":"","telephone":"081 250 40 38","email":"&#105;n&#102;o&#64;ins&#105;&#101;&#109;e&#45;&#99;&#101;reb&#114;al-gr.&#99;&#104;","sameAs":""},"performer":"Organization"}}