{"id":3927,"global_id":"procapgrischun.ch\/it?id=3927","global_id_lineage":["procapgrischun.ch\/it?id=3927"],"author":"5","status":"publish","date":"2022-10-26 11:02:45","date_utc":"2022-10-26 09:02:45","modified":"2022-10-26 11:25:34","modified_utc":"2022-10-26 09:25:34","url":"https:\/\/procapgrischun.ch\/it\/event\/malen-im-januar\/","rest_url":"https:\/\/procapgrischun.ch\/it\/wp-json\/tribe\/events\/v1\/events\/3927","title":"(Deutsch) Malen im Januar","description":"<p class=\"qtranxs-available-languages-message qtranxs-available-languages-message-it\">Questo contributo \u00e8 disponibile in tedesco.<\/p>","excerpt":"","slug":"malen-im-januar","image":{"url":"https:\/\/procapgrischun.ch\/wp-content\/uploads\/2022\/10\/IMG_5813.jpg","id":3928,"extension":"jpg","width":1920,"height":1440,"sizes":{"medium":{"width":300,"height":225,"mime-type":"image\/jpeg","url":"https:\/\/procapgrischun.ch\/wp-content\/uploads\/2022\/10\/IMG_5813-300x225.jpg"},"large":{"width":1024,"height":768,"mime-type":"image\/jpeg","url":"https:\/\/procapgrischun.ch\/wp-content\/uploads\/2022\/10\/IMG_5813-1024x768.jpg"},"thumbnail":{"width":150,"height":150,"mime-type":"image\/jpeg","url":"https:\/\/procapgrischun.ch\/wp-content\/uploads\/2022\/10\/IMG_5813-150x150.jpg"},"medium_large":{"width":768,"height":576,"mime-type":"image\/jpeg","url":"https:\/\/procapgrischun.ch\/wp-content\/uploads\/2022\/10\/IMG_5813-768x576.jpg"},"team-500px":{"width":500,"height":500,"mime-type":"image\/jpeg","url":"https:\/\/procapgrischun.ch\/wp-content\/uploads\/2022\/10\/IMG_5813-500x500.jpg"},"1536x1536":{"width":1536,"height":1152,"mime-type":"image\/jpeg","url":"https:\/\/procapgrischun.ch\/wp-content\/uploads\/2022\/10\/IMG_5813-1536x1152.jpg"},"bones-thumb-600":{"width":600,"height":150,"mime-type":"image\/jpeg","url":"https:\/\/procapgrischun.ch\/wp-content\/uploads\/2022\/10\/IMG_5813-600x150.jpg"},"bones-thumb-300":{"width":300,"height":100,"mime-type":"image\/jpeg","url":"https:\/\/procapgrischun.ch\/wp-content\/uploads\/2022\/10\/IMG_5813-300x100.jpg"},"header":{"width":1200,"height":450,"mime-type":"image\/jpeg","url":"https:\/\/procapgrischun.ch\/wp-content\/uploads\/2022\/10\/IMG_5813-1200x450.jpg"},"4zu3":{"width":400,"height":300,"mime-type":"image\/jpeg","url":"https:\/\/procapgrischun.ch\/wp-content\/uploads\/2022\/10\/IMG_5813-400x300.jpg"},"post-thumbnail":{"width":125,"height":125,"mime-type":"image\/jpeg","url":"https:\/\/procapgrischun.ch\/wp-content\/uploads\/2022\/10\/IMG_5813-125x125.jpg"},"wcicon":{"width":48,"height":48,"mime-type":"image\/jpeg","url":"https:\/\/procapgrischun.ch\/wp-content\/uploads\/2022\/10\/IMG_5813-48x48.jpg"},"wcsquare":{"width":300,"height":300,"mime-type":"image\/jpeg","url":"https:\/\/procapgrischun.ch\/wp-content\/uploads\/2022\/10\/IMG_5813-300x300.jpg"},"wcsmall":{"width":250,"height":188,"mime-type":"image\/jpeg","url":"https:\/\/procapgrischun.ch\/wp-content\/uploads\/2022\/10\/IMG_5813-250x188.jpg"},"wcstandard":{"width":550,"height":413,"mime-type":"image\/jpeg","url":"https:\/\/procapgrischun.ch\/wp-content\/uploads\/2022\/10\/IMG_5813-550x413.jpg"},"wcbig":{"width":800,"height":600,"mime-type":"image\/jpeg","url":"https:\/\/procapgrischun.ch\/wp-content\/uploads\/2022\/10\/IMG_5813-800x600.jpg"},"wcfixedheightsmall":{"width":240,"height":180,"mime-type":"image\/jpeg","url":"https:\/\/procapgrischun.ch\/wp-content\/uploads\/2022\/10\/IMG_5813-240x180.jpg"},"wcfixedheightmedium":{"width":400,"height":300,"mime-type":"image\/jpeg","url":"https:\/\/procapgrischun.ch\/wp-content\/uploads\/2022\/10\/IMG_5813-400x300.jpg"},"wcfixedheight":{"width":667,"height":500,"mime-type":"image\/jpeg","url":"https:\/\/procapgrischun.ch\/wp-content\/uploads\/2022\/10\/IMG_5813-667x500.jpg"},"wccarouselsmall":{"width":210,"height":150,"mime-type":"image\/jpeg","url":"https:\/\/procapgrischun.ch\/wp-content\/uploads\/2022\/10\/IMG_5813-210x150.jpg"},"wccarousel":{"width":400,"height":285,"mime-type":"image\/jpeg","url":"https:\/\/procapgrischun.ch\/wp-content\/uploads\/2022\/10\/IMG_5813-400x285.jpg"},"wcslider":{"width":1100,"height":500,"mime-type":"image\/jpeg","url":"https:\/\/procapgrischun.ch\/wp-content\/uploads\/2022\/10\/IMG_5813-1100x500.jpg"}}},"all_day":false,"start_date":"2023-01-21 10:00:00","start_date_details":{"year":"2023","month":"01","day":"21","hour":"10","minutes":"00","seconds":"00"},"end_date":"2023-01-21 16:30:00","end_date_details":{"year":"2023","month":"01","day":"21","hour":"16","minutes":"30","seconds":"00"},"utc_start_date":"2023-01-21 09:00:00","utc_start_date_details":{"year":"2023","month":"01","day":"21","hour":"09","minutes":"00","seconds":"00"},"utc_end_date":"2023-01-21 15:30:00","utc_end_date_details":{"year":"2023","month":"01","day":"21","hour":"15","minutes":"30","seconds":"00"},"timezone":"Europe\/Berlin","timezone_abbr":"CET","cost":"","cost_details":{"currency_symbol":"","currency_code":"","currency_position":"prefix","values":[]},"website":"","show_map":true,"show_map_link":true,"hide_from_listings":false,"sticky":false,"featured":false,"categories":[{"name":"Corsi","slug":"kurse","term_group":0,"term_taxonomy_id":26,"taxonomy":"tribe_events_cat","description":"","parent":0,"count":149,"filter":"raw","i18n_config":{"name":{"ts":{"de":"Kurse","it":"Corsi","RO":"Curs"}}},"id":26,"urls":{"self":"https:\/\/procapgrischun.ch\/it\/wp-json\/tribe\/events\/v1\/categories\/26","collection":"https:\/\/procapgrischun.ch\/it\/wp-json\/tribe\/events\/v1\/categories"}},{"name":"Eventi","slug":"veranstaltungen","term_group":0,"term_taxonomy_id":28,"taxonomy":"tribe_events_cat","description":"","parent":0,"count":255,"filter":"raw","i18n_config":{"name":{"ts":{"de":"Veranstaltungen","it":"Eventi","RO":"Occurrenzas"}}},"id":28,"urls":{"self":"https:\/\/procapgrischun.ch\/it\/wp-json\/tribe\/events\/v1\/categories\/28","collection":"https:\/\/procapgrischun.ch\/it\/wp-json\/tribe\/events\/v1\/categories"}}],"tags":[],"venue":[],"organizer":[],"custom_fields":[],"json_ld":{"@context":"http:\/\/schema.org","@type":"Event","name":"(Deutsch) Malen im Januar","description":"&lt;p&gt;Der Kurs findet am Samstag, 21. Januar statt. In der Activa wurde das falsche Datum publiziert. Jahresausstellung der B\u00fcndner K\u00fcnstler*innen und Malen am Nachmittag. An der Jahresausstellung sind ausgew\u00e4hlte Arbeiten...  &lt;a class=&quot;excerpt-read-more&quot; href=&quot;https:\/\/procapgrischun.ch\/it\/event\/malen-im-januar\/&quot; title=&quot;Read (Deutsch) Malen im Januar&quot;&gt;Leggi tutto &raquo;&lt;\/a&gt;&lt;\/p&gt;\\n","image":"https:\/\/procapgrischun.ch\/wp-content\/uploads\/2022\/10\/IMG_5813.jpg","url":"https:\/\/procapgrischun.ch\/it\/event\/malen-im-januar\/","eventAttendanceMode":"https:\/\/schema.org\/OfflineEventAttendanceMode","eventStatus":"https:\/\/schema.org\/EventScheduled","startDate":"2023-01-21T10:00:00+01:00","endDate":"2023-01-21T16:30:00+01:00","performer":"Organization"}}